{"id":1328,"date":"2018-04-27T08:46:47","date_gmt":"2018-04-27T08:46:47","guid":{"rendered":"http:\/\/www.elbibio.com\/noticias\/?p=1328"},"modified":"2018-04-27T08:53:29","modified_gmt":"2018-04-27T08:53:29","slug":"campamento-mes-de-julio-ninos-de-3-10-anos","status":"publish","type":"post","link":"http:\/\/www.elbibio.com\/noticias\/campamento-mes-de-julio-ninos-de-3-10-anos\/","title":{"rendered":"CAMPAMENTO  MES DE JULIO. NI\u00d1OS DE 3-10 A\u00d1OS."},"content":{"rendered":"<p><span style=\"color: #000000;\">Escuela Infantil El Bibio.<\/span><\/p>\n<p><span style=\"color: #000000;\">Campamento mes de julio.<\/span><\/p>\n<p><span style=\"color: #000000;\"> Ni\u00f1os 3-10 a\u00f1os.<\/span><br \/>\n<span style=\"color: #000000;\"> Como en a\u00f1os anteriores estamos preparando en nuestra escuela un nuevo campamento urbano, en esta ocasi\u00f3n ser\u00e1 \u00abCampamento de Cine\u00bb donde realizaremos un mont\u00f3n de juegos, actividades y salidas. <\/span><\/p>\n<p><span style=\"color: #000000;\">\u00a0\u00a0 Os iremos informando.<\/span><\/p>\n<p><a href=\"http:\/\/www.elbibio.com\/noticias\/wp-content\/uploads\/2018\/04\/DSCF4202-Copiar.jpg\"><img decoding=\"async\" loading=\"lazy\" class=\"aligncenter size-large wp-image-1330\" alt=\"DSCF4202 (Copiar)\" src=\"http:\/\/www.elbibio.com\/noticias\/wp-content\/uploads\/2018\/04\/DSCF4202-Copiar-1024x768.jpg\" width=\"1024\" height=\"768\" srcset=\"http:\/\/www.elbibio.com\/noticias\/wp-content\/uploads\/2018\/04\/DSCF4202-Copiar-1024x768.jpg 1024w, http:\/\/www.elbibio.com\/noticias\/wp-content\/uploads\/2018\/04\/DSCF4202-Copiar-300x225.jpg 300w, http:\/\/www.elbibio.com\/noticias\/wp-content\/uploads\/2018\/04\/DSCF4202-Copiar.jpg 1440w\" sizes=\"(max-width: 1024px) 100vw, 1024px\" \/><\/a><a href=\"http:\/\/www.elbibio.com\/noticias\/wp-content\/uploads\/2018\/04\/PICT0048-Copiar.jpg\"><img decoding=\"async\" loading=\"lazy\" class=\"aligncenter size-large wp-image-1332\" alt=\"KONICA MINOLTA DIGITAL CAMERA\" src=\"http:\/\/www.elbibio.com\/noticias\/wp-content\/uploads\/2018\/04\/PICT0048-Copiar-1024x828.jpg\" width=\"1024\" height=\"828\" srcset=\"http:\/\/www.elbibio.com\/noticias\/wp-content\/uploads\/2018\/04\/PICT0048-Copiar-1024x828.jpg 1024w, http:\/\/www.elbibio.com\/noticias\/wp-content\/uploads\/2018\/04\/PICT0048-Copiar-300x242.jpg 300w, http:\/\/www.elbibio.com\/noticias\/wp-content\/uploads\/2018\/04\/PICT0048-Copiar.jpg 1179w\" sizes=\"(max-width: 1024px) 100vw, 1024px\" \/><\/a><a href=\"http:\/\/www.elbibio.com\/noticias\/wp-content\/uploads\/2018\/04\/DSCF4335-Copiar.jpg\"><img decoding=\"async\" loading=\"lazy\" class=\"aligncenter size-large wp-image-1331\" alt=\"DSCF4335 (Copiar)\" src=\"http:\/\/www.elbibio.com\/noticias\/wp-content\/uploads\/2018\/04\/DSCF4335-Copiar-1024x768.jpg\" width=\"1024\" height=\"768\" srcset=\"http:\/\/www.elbibio.com\/noticias\/wp-content\/uploads\/2018\/04\/DSCF4335-Copiar-1024x768.jpg 1024w, http:\/\/www.elbibio.com\/noticias\/wp-content\/uploads\/2018\/04\/DSCF4335-Copiar-300x225.jpg 300w, http:\/\/www.elbibio.com\/noticias\/wp-content\/uploads\/2018\/04\/DSCF4335-Copiar.jpg 1440w\" sizes=\"(max-width: 1024px) 100vw, 1024px\" \/><\/a><a href=\"http:\/\/www.elbibio.com\/noticias\/wp-content\/uploads\/2018\/04\/DSCF4128-Copiar.jpg\"><img decoding=\"async\" loading=\"lazy\" class=\"aligncenter size-large wp-image-1329\" alt=\"DSCF4128 (Copiar)\" src=\"http:\/\/www.elbibio.com\/noticias\/wp-content\/uploads\/2018\/04\/DSCF4128-Copiar-1024x768.jpg\" width=\"1024\" height=\"768\" srcset=\"http:\/\/www.elbibio.com\/noticias\/wp-content\/uploads\/2018\/04\/DSCF4128-Copiar-1024x768.jpg 1024w, http:\/\/www.elbibio.com\/noticias\/wp-content\/uploads\/2018\/04\/DSCF4128-Copiar-300x225.jpg 300w, http:\/\/www.elbibio.com\/noticias\/wp-content\/uploads\/2018\/04\/DSCF4128-Copiar.jpg 1440w\" sizes=\"(max-width: 1024px) 100vw, 1024px\" \/><\/a><\/p>\n","protected":false},"excerpt":{"rendered":"<p>Escuela Infantil El Bibio. Campamento mes de julio. Ni\u00f1os 3-10 a\u00f1os. Como en a\u00f1os anteriores estamos preparando en nuestra escuela un nuevo campamento urbano, en esta ocasi\u00f3n ser\u00e1 \u00abCampamento de Cine\u00bb donde realizaremos un mont\u00f3n de juegos, actividades y salidas. \u00a0\u00a0 Os iremos informando.<\/p>\n","protected":false},"author":2,"featured_media":0,"comment_status":"open","ping_status":"open","sticky":false,"template":"","format":"standard","meta":[],"categories":[1],"tags":[],"_links":{"self":[{"href":"http:\/\/www.elbibio.com\/noticias\/wp-json\/wp\/v2\/posts\/1328"}],"collection":[{"href":"http:\/\/www.elbibio.com\/noticias\/wp-json\/wp\/v2\/posts"}],"about":[{"href":"http:\/\/www.elbibio.com\/noticias\/wp-json\/wp\/v2\/types\/post"}],"author":[{"embeddable":true,"href":"http:\/\/www.elbibio.com\/noticias\/wp-json\/wp\/v2\/users\/2"}],"replies":[{"embeddable":true,"href":"http:\/\/www.elbibio.com\/noticias\/wp-json\/wp\/v2\/comments?post=1328"}],"version-history":[{"count":4,"href":"http:\/\/www.elbibio.com\/noticias\/wp-json\/wp\/v2\/posts\/1328\/revisions"}],"predecessor-version":[{"id":1336,"href":"http:\/\/www.elbibio.com\/noticias\/wp-json\/wp\/v2\/posts\/1328\/revisions\/1336"}],"wp:attachment":[{"href":"http:\/\/www.elbibio.com\/noticias\/wp-json\/wp\/v2\/media?parent=1328"}],"wp:term":[{"taxonomy":"category","embeddable":true,"href":"http:\/\/www.elbibio.com\/noticias\/wp-json\/wp\/v2\/categories?post=1328"},{"taxonomy":"post_tag","embeddable":true,"href":"http:\/\/www.elbibio.com\/noticias\/wp-json\/wp\/v2\/tags?post=1328"}],"curies":[{"name":"wp","href":"https:\/\/api.w.org\/{rel}","templated":true}]}}